{"id":10273,"date":"2016-11-28T11:06:34","date_gmt":"2016-11-28T13:06:34","guid":{"rendered":"https:\/\/www.vivareal.com.br\/blog\/\/blog\/\/?p=10273"},"modified":"2022-07-27T11:19:04","modified_gmt":"2022-07-27T14:19:04","slug":"morar-em-familia-em-joinville-sc-onde-buscar-apartamentos","status":"publish","type":"post","link":"https:\/\/www.vivareal.com.br\/blog\/cidades\/morar-em-familia-em-joinville-sc-onde-buscar-apartamentos\/","title":{"rendered":"Morar em fam\u00edlia em Joinville (SC): onde buscar apartamentos"},"content":{"rendered":"<p>Joinville \u00e9 a <strong>maior cidade do estado de Santa Catarina <\/strong>e a terceira maior da regi\u00e3o Sul do Brasil. No entanto, mesmo sendo uma cidade grande, possui aquele ar de cidade interiorana e de veraneio, ideais para as fam\u00edlias que buscam por qualidade de vida.<br \/>\nA cidade \u00e9 a mais populosa de Santa Catarina (550 mil habitantes) e possui um \u00edndice bom de IDHM (\u00cdndice de Desenvolvimento Humano Municipal), o que garantiu \u00e0 Joinville a 21\u00aa posi\u00e7\u00e3o entre as melhores cidades brasileiras.<\/p>\n<h3>A Cidade das Flores<\/h3>\n<p>Joinville ganhou o apelido carinhoso de \u201cCidade das Flores\u201d, por ficar conhecida pela tradicional Festa das Flores, organizada pela prefeitura da cidade h\u00e1 mais de sete d\u00e9cadas. Al\u00e9m disso, o Festival de Dan\u00e7a de Joinville \u00e9 considerado um dos maiores e mais importantes festivais do g\u00eanero no mundo todo, afinal, a cidade abriga a \u00fanica escola do famoso Teatro Bolshoi fora de seu pa\u00eds de origem, a R\u00fassia.<br \/>\nA cidade catarinense \u00e9, ainda, o terceiro maior p\u00f3lo industrial da regi\u00e3o Sul brasileira e acomoda sedes de v\u00e1rias empresas e multinacionais, empregando boa parte da popula\u00e7\u00e3o.<br \/>\n<strong>As fam\u00edlias que moram em Joinville s\u00e3o contempladas com \u00e1reas verdes<\/strong> que s\u00e3o perfeitas para atividades de lazer ou a pr\u00e1tica de atividades f\u00edsicas ao ar livre. S\u00e3o paisagens incr\u00edveis com arboriza\u00e7\u00e3o, lagos, ba\u00edas, entre outros, combinados com a infraestrutura urbana que serve de base para edif\u00edcios tradicionais e de arquitetura contempor\u00e2nea, al\u00e9m de shopping centers e outras facilidades.<\/p>\n<h3>Bairros mais procurados para morar em fam\u00edlia<\/h3>\n<p>As op\u00e7\u00f5es de apartamentos em Joinville para quem quer morar com a fam\u00edlia est\u00e3o espalhadas por v\u00e1rios bairros da cidade. Confira abaixo os bairros mais procurados.<\/p>\n<h4><strong>Bairro Santo Ant\u00f4nio<\/strong><\/h4>\n<p>O bairro Santo Ant\u00f4nio \u00e9 <strong>um dos mais tradicionais e queridos<\/strong> pelos moradores de Joinville. Oportunidades para quem busca por <a href=\"https:\/\/www.vivareal.com.br\/blog\/\/venda\/santa-catarina\/joinville\/bairros\/santo-antonio\/apartamento_residencial\/#\/%7B%7D\" target=\"_blank\" rel=\"noopener\">apartamentos em Joinville<\/a> para morar com a fam\u00edlia n\u00e3o faltam.<br \/>\nO Santo Ant\u00f4nio \u00e9 um dos bairros com infraestrutura mais completa de Joinville e, por isso, est\u00e1 em vantagem em rela\u00e7\u00e3o aos outros. Quase que a totalidade dos moradores do bairro (99%) est\u00e1 abastecida com \u00e1gua e possui ilumina\u00e7\u00e3o p\u00fablica eficiente. Al\u00e9m disso, 90% das ruas do bairro s\u00e3o pavimentadas e as obras continuam em dire\u00e7\u00e3o \u00e0 totalidade.<br \/>\nO Terminal Norte, esta\u00e7\u00e3o de integra\u00e7\u00e3o do Transporte Coletivo de Joinville, est\u00e1 localizado no bairro. Sendo assim, o transporte coletivo da regi\u00e3o \u00e9 completo e eficaz para os moradores que precisam trabalhar e estudar em outros bairros.<br \/>\nO bairro ainda possui todas as facilidades para atender as fam\u00edlias: filiais de grandes redes de supermercados, farm\u00e1cias, consult\u00f3rios de m\u00e9dicos e dentistas, ag\u00eancias banc\u00e1rias, escolas, entre outras facilidades.<\/p>\n<h3>Bairro Costa e Silva<\/h3>\n<p>Dois pontos fortes do Costa e Silva est\u00e3o relacionados com a sa\u00fade e a educa\u00e7\u00e3o, que abastecem as fam\u00edlias do bairro de forma bem-sucedida. Hoje, o local conta com mais de dez institui\u00e7\u00f5es de ensino, entre escolas particulares e p\u00fablicas, al\u00e9m de seis unidades b\u00e1sicas de sa\u00fade.<br \/>\nPor estar localizado pr\u00f3ximo ao centro da cidade, o Costa e Silva \u00e9 bem abastecido pelo transporte coletivo: mais de 20 linhas circulam pelas ruas e avenidas do bairro, transportando os moradores que precisam se deslocar diariamente at\u00e9 os outros bairros. Por isso,<strong> as op\u00e7\u00f5es de <\/strong><a href=\"https:\/\/www.vivareal.com.br\/blog\/\/venda\/santa-catarina\/joinville\/bairros\/costa-e-silva\/apartamento_residencial\/#\/%7B%7D\" target=\"_blank\" rel=\"noopener\"><strong>apartamentos \u00e0 venda<\/strong><\/a><strong> na regi\u00e3o s\u00e3o consideradas bem localizadas<\/strong>.<br \/>\nO bairro possui boas \u00e1reas para pr\u00e1tica de atividades ao ar livre e proporcionar bons momentos em fam\u00edlia, que podem desfrutar de \u00e1reas arborizadas e paisagens acolhedoras. O destaque vai para as Pra\u00e7as do Bosque e a \u00c1rea de Lazer Pav\u00e3o.<br \/>\nAs ruas do Costa e Silva acomodam facilidades para suprir as necessidades de seus moradores. O bairro n\u00e3o possui nenhum shopping center, por\u00e9m, para aqueles que desejam mais op\u00e7\u00f5es de compras, o Joinville Garten fica a poucos quil\u00f4metros de dist\u00e2ncia.<\/p>\n<h3>Bairro Am\u00e9rica<\/h3>\n<p>Vizinho do centro da cidade, o Am\u00e9rica \u00e9 considerado um <strong>bairro de alto padr\u00e3o<\/strong> e, por isso, possui excelentes op\u00e7\u00f5es de <a href=\"https:\/\/www.vivareal.com.br\/blog\/\/venda\/santa-catarina\/joinville\/bairros\/america\/apartamento_residencial\/#\/%7B%7D\">apartamentos em Joinville<\/a> para quem quer morar com a fam\u00edlia.<br \/>\nAs ruas do Am\u00e9rica se transformaram em bases para empresas e ind\u00fastrias da cidade, bem como acomodam uma intensa atividade comercial. As facilidades da regi\u00e3o e o fluxo de transporte coletivo s\u00e3o pontos fortes do bairro e permitem que os moradores e suas fam\u00edlias tenham uma \u00f3tima qualidade de vida.<br \/>\nConte para a gente nos coment\u00e1rios o que procura em um bairro para morar com a sua fam\u00edlia.<br \/>\n<i>(Foto:\u00a0Unmoralisch\u00a0\/ Wikipedia)<\/i><\/p>\n<div class=\"vivar-depois-do-conteudo\" id=\"vivar-4273637671\"><a href=\"https:\/\/www.zapimoveis.com.br\/?itm_id=100002&#038;itm_source=www.vivareal.com.br\/blog\/&#038;itm_medium=banner_home&#038;itm_campaign=cobranding-zap-vivareal&#038;itm_content=banner_600x600&#038;itm_term=mobile\" target=\"_blank\" aria-label=\"BANNER_Cobranded_VIVA_ZAP_1024x380\"><img src=\"https:\/\/www.vivareal.com.br\/blog\/wp-content\/uploads\/2022\/10\/BANNER_Cobranded_VIVA_ZAP_1024x380-1.jpg\" alt=\"BANNER_Cobranded_VIVA_ZAP_1024x380\"  srcset=\"https:\/\/www.vivareal.com.br\/blog\/wp-content\/uploads\/2022\/10\/BANNER_Cobranded_VIVA_ZAP_1024x380-1.jpg 710w, https:\/\/www.vivareal.com.br\/blog\/wp-content\/uploads\/2022\/10\/BANNER_Cobranded_VIVA_ZAP_1024x380-1-500x185.jpg 500w\" sizes=\"(max-width: 710px) 100vw, 710px\" width=\"710\" height=\"263\"  style=\"display: inline-block;\" \/><\/a><\/div>","protected":false},"excerpt":{"rendered":"<p>Joinville \u00e9 a maior cidade do estado de Santa Catarina [&hellip;]<\/p>\n","protected":false},"author":11,"featured_media":12126,"comment_status":"open","ping_status":"closed","sticky":false,"template":"","format":"standard","meta":{"footnotes":""},"categories":[191],"tags":[],"class_list":["post-10273","post","type-post","status-publish","format-standard","has-post-thumbnail","hentry","category-cidades"],"_links":{"self":[{"href":"https:\/\/www.vivareal.com.br\/blog\/wp-json\/wp\/v2\/posts\/10273","targetHints":{"allow":["GET"]}}],"collection":[{"href":"https:\/\/www.vivareal.com.br\/blog\/wp-json\/wp\/v2\/posts"}],"about":[{"href":"https:\/\/www.vivareal.com.br\/blog\/wp-json\/wp\/v2\/types\/post"}],"author":[{"embeddable":true,"href":"https:\/\/www.vivareal.com.br\/blog\/wp-json\/wp\/v2\/users\/11"}],"replies":[{"embeddable":true,"href":"https:\/\/www.vivareal.com.br\/blog\/wp-json\/wp\/v2\/comments?post=10273"}],"version-history":[{"count":0,"href":"https:\/\/www.vivareal.com.br\/blog\/wp-json\/wp\/v2\/posts\/10273\/revisions"}],"wp:featuredmedia":[{"embeddable":true,"href":"https:\/\/www.vivareal.com.br\/blog\/wp-json\/wp\/v2\/media\/12126"}],"wp:attachment":[{"href":"https:\/\/www.vivareal.com.br\/blog\/wp-json\/wp\/v2\/media?parent=10273"}],"wp:term":[{"taxonomy":"category","embeddable":true,"href":"https:\/\/www.vivareal.com.br\/blog\/wp-json\/wp\/v2\/categories?post=10273"},{"taxonomy":"post_tag","embeddable":true,"href":"https:\/\/www.vivareal.com.br\/blog\/wp-json\/wp\/v2\/tags?post=10273"}],"curies":[{"name":"wp","href":"https:\/\/api.w.org\/{rel}","templated":true}]}}